{"id":934,"date":"2012-11-26T23:27:25","date_gmt":"2012-11-26T21:27:25","guid":{"rendered":"http:\/\/www.vom-britzer-katzenstuebchen.de\/wp\/?p=934"},"modified":"2012-11-26T23:32:58","modified_gmt":"2012-11-26T21:32:58","slug":"letzte-ausstellung-2012","status":"publish","type":"post","link":"http:\/\/www.vom-britzer-katzenstuebchen.de\/wp\/?p=934","title":{"rendered":"Letzte Ausstellung 2012"},"content":{"rendered":"<p>Am Wochenende war ich mit Firenza und Thor zu einer Ausstellung des &#8222;Berliner Pro Kat&#8220;, der sein 35 j\u00e4hriges Bestehen feierte. Mit dem Besuch dieser Show haben wir gleichzeitig die Ausstellungssaison f\u00fcr 2012 beendet. Ein besonderes Highlight war diesmal, dass es f\u00fcr die Norweger eine eigene &#8222;Best in Show&#8220;- Wertung gab, da mehr als 20 Tiere dieser Rasse anwesend waren. Firenza,\u00a0 und Thor starteten in der Erst- und Zweitwertung und erreichten in beiden Wertungen ihre Titelpunkte. Firenza, erst seit einigen Tagen in der\u00a0 offene Klasse (Erwachsene), wurde sogar &#8222;Best in Show&#8220;.<\/p>\n<p>Es gab f\u00fcr mich auch eine nette \u00dcberraschung: Frodis Besitzer\u00a0 hatten sich auf den Weg nach Hohen Neuendorf gemacht, um sich diese Ausstellung anzusehen.<\/p>\n<p>&nbsp;<\/p>\n<p>&nbsp;<\/p>\n","protected":false},"excerpt":{"rendered":"<p>Am Wochenende war ich mit Firenza und Thor zu einer Ausstellung des &#8222;Berliner Pro Kat&#8220;, der sein 35 j\u00e4hriges Bestehen feierte. Mit dem Besuch dieser Show haben wir gleichzeitig die Ausstellungssaison f\u00fcr 2012 beendet.&#46;&#46;&#46;<\/p>\n","protected":false},"author":1,"featured_media":0,"comment_status":"closed","ping_status":"open","sticky":false,"template":"","format":"standard","meta":{"ngg_post_thumbnail":0,"footnotes":""},"categories":[1],"tags":[],"class_list":["post-934","post","type-post","status-publish","format-standard","hentry","category-allgemein"],"yoast_head":"<!-- This site is optimized with the Yoast SEO plugin v14.1 - https:\/\/yoast.com\/wordpress\/plugins\/seo\/ -->\n<title>Letzte Ausstellung 2012 - vom Britzer Katzenst\u00fcbchen<\/title>\n<meta name=\"robots\" content=\"index, follow\" \/>\n<meta name=\"googlebot\" content=\"index, follow, max-snippet:-1, max-image-preview:large, max-video-preview:-1\" \/>\n<meta name=\"bingbot\" content=\"index, follow, max-snippet:-1, max-image-preview:large, max-video-preview:-1\" \/>\n<link rel=\"canonical\" href=\"http:\/\/www.vom-britzer-katzenstuebchen.de\/wp\/?p=934\" \/>\n<meta property=\"og:locale\" content=\"de_DE\" \/>\n<meta property=\"og:type\" content=\"article\" \/>\n<meta property=\"og:title\" content=\"Letzte Ausstellung 2012 - vom Britzer Katzenst\u00fcbchen\" \/>\n<meta property=\"og:description\" content=\"Am Wochenende war ich mit Firenza und Thor zu einer Ausstellung des &#8222;Berliner Pro Kat&#8220;, der sein 35 j\u00e4hriges Bestehen feierte. Mit dem Besuch dieser Show haben wir gleichzeitig die Ausstellungssaison f\u00fcr 2012 beendet.&#046;&#046;&#046;\" \/>\n<meta property=\"og:url\" content=\"http:\/\/www.vom-britzer-katzenstuebchen.de\/wp\/?p=934\" \/>\n<meta property=\"og:site_name\" content=\"vom Britzer Katzenst\u00fcbchen\" \/>\n<meta property=\"article:published_time\" content=\"2012-11-26T21:27:25+00:00\" \/>\n<meta property=\"article:modified_time\" content=\"2012-11-26T21:32:58+00:00\" \/>\n<script type=\"application\/ld+json\" class=\"yoast-schema-graph\">{\"@context\":\"https:\/\/schema.org\",\"@graph\":[{\"@type\":\"WebSite\",\"@id\":\"http:\/\/www.vom-britzer-katzenstuebchen.de\/wp\/#website\",\"url\":\"http:\/\/www.vom-britzer-katzenstuebchen.de\/wp\/\",\"name\":\"vom Britzer Katzenst\\u00fcbchen\",\"description\":\"Norwegische Waldkatzen - Hobbyzucht in Brandenburg nahe Berlin\",\"potentialAction\":[{\"@type\":\"SearchAction\",\"target\":\"http:\/\/www.vom-britzer-katzenstuebchen.de\/wp\/?s={search_term_string}\",\"query-input\":\"required name=search_term_string\"}],\"inLanguage\":\"de\"},{\"@type\":\"WebPage\",\"@id\":\"http:\/\/www.vom-britzer-katzenstuebchen.de\/wp\/?p=934#webpage\",\"url\":\"http:\/\/www.vom-britzer-katzenstuebchen.de\/wp\/?p=934\",\"name\":\"Letzte Ausstellung 2012 - vom Britzer Katzenst\\u00fcbchen\",\"isPartOf\":{\"@id\":\"http:\/\/www.vom-britzer-katzenstuebchen.de\/wp\/#website\"},\"datePublished\":\"2012-11-26T21:27:25+00:00\",\"dateModified\":\"2012-11-26T21:32:58+00:00\",\"author\":{\"@id\":\"http:\/\/www.vom-britzer-katzenstuebchen.de\/wp\/#\/schema\/person\/d6d71e831afcd5a352876f82ee551927\"},\"inLanguage\":\"de\",\"potentialAction\":[{\"@type\":\"ReadAction\",\"target\":[\"http:\/\/www.vom-britzer-katzenstuebchen.de\/wp\/?p=934\"]}]},{\"@type\":[\"Person\"],\"@id\":\"http:\/\/www.vom-britzer-katzenstuebchen.de\/wp\/#\/schema\/person\/d6d71e831afcd5a352876f82ee551927\",\"name\":\"admin\",\"image\":{\"@type\":\"ImageObject\",\"@id\":\"http:\/\/www.vom-britzer-katzenstuebchen.de\/wp\/#personlogo\",\"inLanguage\":\"de\",\"url\":\"https:\/\/secure.gravatar.com\/avatar\/4c1575a157431ddbd5f67c78677537a22fb4ed3025158862a683373bab97e5c1?s=96&d=mm&r=g\",\"caption\":\"admin\"}}]}<\/script>\n<!-- \/ Yoast SEO plugin. -->","_links":{"self":[{"href":"http:\/\/www.vom-britzer-katzenstuebchen.de\/wp\/index.php?rest_route=\/wp\/v2\/posts\/934","targetHints":{"allow":["GET"]}}],"collection":[{"href":"http:\/\/www.vom-britzer-katzenstuebchen.de\/wp\/index.php?rest_route=\/wp\/v2\/posts"}],"about":[{"href":"http:\/\/www.vom-britzer-katzenstuebchen.de\/wp\/index.php?rest_route=\/wp\/v2\/types\/post"}],"author":[{"embeddable":true,"href":"http:\/\/www.vom-britzer-katzenstuebchen.de\/wp\/index.php?rest_route=\/wp\/v2\/users\/1"}],"replies":[{"embeddable":true,"href":"http:\/\/www.vom-britzer-katzenstuebchen.de\/wp\/index.php?rest_route=%2Fwp%2Fv2%2Fcomments&post=934"}],"version-history":[{"count":3,"href":"http:\/\/www.vom-britzer-katzenstuebchen.de\/wp\/index.php?rest_route=\/wp\/v2\/posts\/934\/revisions"}],"predecessor-version":[{"id":936,"href":"http:\/\/www.vom-britzer-katzenstuebchen.de\/wp\/index.php?rest_route=\/wp\/v2\/posts\/934\/revisions\/936"}],"wp:attachment":[{"href":"http:\/\/www.vom-britzer-katzenstuebchen.de\/wp\/index.php?rest_route=%2Fwp%2Fv2%2Fmedia&parent=934"}],"wp:term":[{"taxonomy":"category","embeddable":true,"href":"http:\/\/www.vom-britzer-katzenstuebchen.de\/wp\/index.php?rest_route=%2Fwp%2Fv2%2Fcategories&post=934"},{"taxonomy":"post_tag","embeddable":true,"href":"http:\/\/www.vom-britzer-katzenstuebchen.de\/wp\/index.php?rest_route=%2Fwp%2Fv2%2Ftags&post=934"}],"curies":[{"name":"wp","href":"https:\/\/api.w.org\/{rel}","templated":true}]}}