{"id":769,"date":"2012-03-07T22:40:26","date_gmt":"2012-03-07T20:40:26","guid":{"rendered":"http:\/\/www.vom-britzer-katzenstuebchen.de\/wp\/?p=769"},"modified":"2012-03-07T22:56:08","modified_gmt":"2012-03-07T20:56:08","slug":"besuch-einer-ausstellung","status":"publish","type":"post","link":"http:\/\/www.vom-britzer-katzenstuebchen.de\/wp\/?p=769","title":{"rendered":"Besuch einer Ausstellung"},"content":{"rendered":"<p>V\u00f6llig ungewohnt, war ich am Sonnabend ohne Katzen auf der Ausstellung in Paaren- Glien. Da bei uns eine Familienfeier anstand, wollte ich mir&#8220; nur auf die Schnelle&#8220; ein Kitten unseres F- Wurfes, Freya, ansehen. Sie geh\u00f6rt zur Cattery &#8222;Str\u00f6mdalens norwegische Waldkatzen&#8220; , wurde allerdings bis jetzt liebevoll in der Partnerzucht &#8222;vom kleinen Kastell&#8220; betreut, da Str\u00f6mdalens umgezogen sind.\u00a0 Die kleine Schwarznase hat sich prima entwickelt (Foto in der Galerie, auch von den anderen Kitten des F- und H- Wurfes), erhielt in allen Bewertungspunkten &#8222;exzellent&#8220; und ihr erstes CAC.<\/p>\n<p>Etwas \u00fcberrascht war ich \u00fcber die doch geringe Anzahl von Ausstellern und die vielen leeren K\u00e4fige. Ich hoffe doch sehr, dass dies auf den n\u00e4chsten Ausstellungen nicht zur Norm wird.<\/p>\n<p>In die Freude \u00fcber die positive Entwicklung von Freya mischt sich bei uns gro\u00dfe Traurigkeit. Gern h\u00e4tte ich auf das Schreiben dieses Beitrages verzichtet, und ich habe einige Zeit gebraucht, ihn \u00fcberhaupt zu schreiben.\u00a0 Anfang Februar ist unsere Hanny durch einen tragischen Unfall ums Leben gekommen. Eigentlich ist es f\u00fcr uns immer noch unfa\u00dfbar, und wir vermissen unsere schnurrige Schmusekatze, die anh\u00e4nglich wie ein kleiner Hund war, immer noch sehr. Einen halben Tag dachten wir, dass sie jemand mit nach Hause genommen hat, denn Hanny ist auf jeden zugegangen und hatte keinerlei Angst. Doch dann kam die bittere Nachricht, dass sie \u00fcberfahren wurde. Es wird noch eine ganze Weile dauern, bis wir diesen Verlust verkraftet haben werden.<\/p>\n<p>&nbsp;<\/p>\n<p>&nbsp;<\/p>\n","protected":false},"excerpt":{"rendered":"<p>V\u00f6llig ungewohnt, war ich am Sonnabend ohne Katzen auf der Ausstellung in Paaren- Glien. Da bei uns eine Familienfeier anstand, wollte ich mir&#8220; nur auf die Schnelle&#8220; ein Kitten unseres F- Wurfes, Freya, ansehen.&#46;&#46;&#46;<\/p>\n","protected":false},"author":1,"featured_media":0,"comment_status":"closed","ping_status":"open","sticky":false,"template":"","format":"standard","meta":{"ngg_post_thumbnail":0,"footnotes":""},"categories":[1],"tags":[],"class_list":["post-769","post","type-post","status-publish","format-standard","hentry","category-allgemein"],"yoast_head":"<!-- This site is optimized with the Yoast SEO plugin v14.1 - https:\/\/yoast.com\/wordpress\/plugins\/seo\/ -->\n<title>Besuch einer Ausstellung - vom Britzer Katzenst\u00fcbchen<\/title>\n<meta name=\"robots\" content=\"index, follow\" \/>\n<meta name=\"googlebot\" content=\"index, follow, max-snippet:-1, max-image-preview:large, max-video-preview:-1\" \/>\n<meta name=\"bingbot\" content=\"index, follow, max-snippet:-1, max-image-preview:large, max-video-preview:-1\" \/>\n<link rel=\"canonical\" href=\"http:\/\/www.vom-britzer-katzenstuebchen.de\/wp\/?p=769\" \/>\n<meta property=\"og:locale\" content=\"de_DE\" \/>\n<meta property=\"og:type\" content=\"article\" \/>\n<meta property=\"og:title\" content=\"Besuch einer Ausstellung - vom Britzer Katzenst\u00fcbchen\" \/>\n<meta property=\"og:description\" content=\"V\u00f6llig ungewohnt, war ich am Sonnabend ohne Katzen auf der Ausstellung in Paaren- Glien. Da bei uns eine Familienfeier anstand, wollte ich mir&#8220; nur auf die Schnelle&#8220; ein Kitten unseres F- Wurfes, Freya, ansehen.&#046;&#046;&#046;\" \/>\n<meta property=\"og:url\" content=\"http:\/\/www.vom-britzer-katzenstuebchen.de\/wp\/?p=769\" \/>\n<meta property=\"og:site_name\" content=\"vom Britzer Katzenst\u00fcbchen\" \/>\n<meta property=\"article:published_time\" content=\"2012-03-07T20:40:26+00:00\" \/>\n<meta property=\"article:modified_time\" content=\"2012-03-07T20:56:08+00:00\" \/>\n<script type=\"application\/ld+json\" class=\"yoast-schema-graph\">{\"@context\":\"https:\/\/schema.org\",\"@graph\":[{\"@type\":\"WebSite\",\"@id\":\"http:\/\/www.vom-britzer-katzenstuebchen.de\/wp\/#website\",\"url\":\"http:\/\/www.vom-britzer-katzenstuebchen.de\/wp\/\",\"name\":\"vom Britzer Katzenst\\u00fcbchen\",\"description\":\"Norwegische Waldkatzen - Hobbyzucht in Brandenburg nahe Berlin\",\"potentialAction\":[{\"@type\":\"SearchAction\",\"target\":\"http:\/\/www.vom-britzer-katzenstuebchen.de\/wp\/?s={search_term_string}\",\"query-input\":\"required name=search_term_string\"}],\"inLanguage\":\"de\"},{\"@type\":\"WebPage\",\"@id\":\"http:\/\/www.vom-britzer-katzenstuebchen.de\/wp\/?p=769#webpage\",\"url\":\"http:\/\/www.vom-britzer-katzenstuebchen.de\/wp\/?p=769\",\"name\":\"Besuch einer Ausstellung - vom Britzer Katzenst\\u00fcbchen\",\"isPartOf\":{\"@id\":\"http:\/\/www.vom-britzer-katzenstuebchen.de\/wp\/#website\"},\"datePublished\":\"2012-03-07T20:40:26+00:00\",\"dateModified\":\"2012-03-07T20:56:08+00:00\",\"author\":{\"@id\":\"http:\/\/www.vom-britzer-katzenstuebchen.de\/wp\/#\/schema\/person\/d6d71e831afcd5a352876f82ee551927\"},\"inLanguage\":\"de\",\"potentialAction\":[{\"@type\":\"ReadAction\",\"target\":[\"http:\/\/www.vom-britzer-katzenstuebchen.de\/wp\/?p=769\"]}]},{\"@type\":[\"Person\"],\"@id\":\"http:\/\/www.vom-britzer-katzenstuebchen.de\/wp\/#\/schema\/person\/d6d71e831afcd5a352876f82ee551927\",\"name\":\"admin\",\"image\":{\"@type\":\"ImageObject\",\"@id\":\"http:\/\/www.vom-britzer-katzenstuebchen.de\/wp\/#personlogo\",\"inLanguage\":\"de\",\"url\":\"https:\/\/secure.gravatar.com\/avatar\/4c1575a157431ddbd5f67c78677537a22fb4ed3025158862a683373bab97e5c1?s=96&d=mm&r=g\",\"caption\":\"admin\"}}]}<\/script>\n<!-- \/ Yoast SEO plugin. -->","_links":{"self":[{"href":"http:\/\/www.vom-britzer-katzenstuebchen.de\/wp\/index.php?rest_route=\/wp\/v2\/posts\/769","targetHints":{"allow":["GET"]}}],"collection":[{"href":"http:\/\/www.vom-britzer-katzenstuebchen.de\/wp\/index.php?rest_route=\/wp\/v2\/posts"}],"about":[{"href":"http:\/\/www.vom-britzer-katzenstuebchen.de\/wp\/index.php?rest_route=\/wp\/v2\/types\/post"}],"author":[{"embeddable":true,"href":"http:\/\/www.vom-britzer-katzenstuebchen.de\/wp\/index.php?rest_route=\/wp\/v2\/users\/1"}],"replies":[{"embeddable":true,"href":"http:\/\/www.vom-britzer-katzenstuebchen.de\/wp\/index.php?rest_route=%2Fwp%2Fv2%2Fcomments&post=769"}],"version-history":[{"count":3,"href":"http:\/\/www.vom-britzer-katzenstuebchen.de\/wp\/index.php?rest_route=\/wp\/v2\/posts\/769\/revisions"}],"predecessor-version":[{"id":771,"href":"http:\/\/www.vom-britzer-katzenstuebchen.de\/wp\/index.php?rest_route=\/wp\/v2\/posts\/769\/revisions\/771"}],"wp:attachment":[{"href":"http:\/\/www.vom-britzer-katzenstuebchen.de\/wp\/index.php?rest_route=%2Fwp%2Fv2%2Fmedia&parent=769"}],"wp:term":[{"taxonomy":"category","embeddable":true,"href":"http:\/\/www.vom-britzer-katzenstuebchen.de\/wp\/index.php?rest_route=%2Fwp%2Fv2%2Fcategories&post=769"},{"taxonomy":"post_tag","embeddable":true,"href":"http:\/\/www.vom-britzer-katzenstuebchen.de\/wp\/index.php?rest_route=%2Fwp%2Fv2%2Ftags&post=769"}],"curies":[{"name":"wp","href":"https:\/\/api.w.org\/{rel}","templated":true}]}}