{"id":175,"date":"2009-09-27T11:58:50","date_gmt":"2009-09-27T09:58:50","guid":{"rendered":"http:\/\/www.vom-britzer-katzenstuebchen.de\/wp\/?p=175"},"modified":"2009-09-27T15:41:19","modified_gmt":"2009-09-27T13:41:19","slug":"ausstellung-in-barenklau","status":"publish","type":"post","link":"http:\/\/www.vom-britzer-katzenstuebchen.de\/wp\/?p=175","title":{"rendered":"Ausstellung in B\u00e4renklau"},"content":{"rendered":"<p>Am 13.09.2009 waren wir mit Kalle und Fl\u00f6ckchen zur Ausstellung in B\u00e4renklau. Zum ersten Mal nahmen wir an einer Doppelbewertung teil. Beide haben sehr gute Bewertungen erhalten, so dass die Ausstellung ein weiterer sch\u00f6ner Erfolg f\u00fcr uns war.<\/p>\n","protected":false},"excerpt":{"rendered":"<p>Am 13.09.2009 waren wir mit Kalle und Fl\u00f6ckchen zur Ausstellung in B\u00e4renklau. Zum ersten Mal nahmen wir an einer Doppelbewertung teil. Beide haben sehr gute Bewertungen erhalten, so dass die Ausstellung ein weiterer sch\u00f6ner&#46;&#46;&#46;<\/p>\n","protected":false},"author":1,"featured_media":0,"comment_status":"closed","ping_status":"open","sticky":false,"template":"","format":"standard","meta":{"ngg_post_thumbnail":0,"footnotes":""},"categories":[1],"tags":[],"class_list":["post-175","post","type-post","status-publish","format-standard","hentry","category-allgemein"],"yoast_head":"<!-- This site is optimized with the Yoast SEO plugin v14.1 - https:\/\/yoast.com\/wordpress\/plugins\/seo\/ -->\n<title>Ausstellung in B\u00e4renklau - vom Britzer Katzenst\u00fcbchen<\/title>\n<meta name=\"robots\" content=\"index, follow\" \/>\n<meta name=\"googlebot\" content=\"index, follow, max-snippet:-1, max-image-preview:large, max-video-preview:-1\" \/>\n<meta name=\"bingbot\" content=\"index, follow, max-snippet:-1, max-image-preview:large, max-video-preview:-1\" \/>\n<link rel=\"canonical\" href=\"https:\/\/www.vom-britzer-katzenstuebchen.de\/wp\/?p=175\" \/>\n<meta property=\"og:locale\" content=\"de_DE\" \/>\n<meta property=\"og:type\" content=\"article\" \/>\n<meta property=\"og:title\" content=\"Ausstellung in B\u00e4renklau - vom Britzer Katzenst\u00fcbchen\" \/>\n<meta property=\"og:description\" content=\"Am 13.09.2009 waren wir mit Kalle und Fl\u00f6ckchen zur Ausstellung in B\u00e4renklau. Zum ersten Mal nahmen wir an einer Doppelbewertung teil. Beide haben sehr gute Bewertungen erhalten, so dass die Ausstellung ein weiterer sch\u00f6ner&#046;&#046;&#046;\" \/>\n<meta property=\"og:url\" content=\"https:\/\/www.vom-britzer-katzenstuebchen.de\/wp\/?p=175\" \/>\n<meta property=\"og:site_name\" content=\"vom Britzer Katzenst\u00fcbchen\" \/>\n<meta property=\"article:published_time\" content=\"2009-09-27T09:58:50+00:00\" \/>\n<meta property=\"article:modified_time\" content=\"2009-09-27T13:41:19+00:00\" \/>\n<script type=\"application\/ld+json\" class=\"yoast-schema-graph\">{\"@context\":\"https:\/\/schema.org\",\"@graph\":[{\"@type\":\"WebSite\",\"@id\":\"http:\/\/www.vom-britzer-katzenstuebchen.de\/wp\/#website\",\"url\":\"http:\/\/www.vom-britzer-katzenstuebchen.de\/wp\/\",\"name\":\"vom Britzer Katzenst\\u00fcbchen\",\"description\":\"Norwegische Waldkatzen - Hobbyzucht in Brandenburg nahe Berlin\",\"potentialAction\":[{\"@type\":\"SearchAction\",\"target\":\"http:\/\/www.vom-britzer-katzenstuebchen.de\/wp\/?s={search_term_string}\",\"query-input\":\"required name=search_term_string\"}],\"inLanguage\":\"de\"},{\"@type\":\"WebPage\",\"@id\":\"https:\/\/www.vom-britzer-katzenstuebchen.de\/wp\/?p=175#webpage\",\"url\":\"https:\/\/www.vom-britzer-katzenstuebchen.de\/wp\/?p=175\",\"name\":\"Ausstellung in B\\u00e4renklau - vom Britzer Katzenst\\u00fcbchen\",\"isPartOf\":{\"@id\":\"http:\/\/www.vom-britzer-katzenstuebchen.de\/wp\/#website\"},\"datePublished\":\"2009-09-27T09:58:50+00:00\",\"dateModified\":\"2009-09-27T13:41:19+00:00\",\"author\":{\"@id\":\"http:\/\/www.vom-britzer-katzenstuebchen.de\/wp\/#\/schema\/person\/d6d71e831afcd5a352876f82ee551927\"},\"inLanguage\":\"de\",\"potentialAction\":[{\"@type\":\"ReadAction\",\"target\":[\"https:\/\/www.vom-britzer-katzenstuebchen.de\/wp\/?p=175\"]}]},{\"@type\":[\"Person\"],\"@id\":\"http:\/\/www.vom-britzer-katzenstuebchen.de\/wp\/#\/schema\/person\/d6d71e831afcd5a352876f82ee551927\",\"name\":\"admin\",\"image\":{\"@type\":\"ImageObject\",\"@id\":\"http:\/\/www.vom-britzer-katzenstuebchen.de\/wp\/#personlogo\",\"inLanguage\":\"de\",\"url\":\"https:\/\/secure.gravatar.com\/avatar\/4c1575a157431ddbd5f67c78677537a22fb4ed3025158862a683373bab97e5c1?s=96&d=mm&r=g\",\"caption\":\"admin\"}}]}<\/script>\n<!-- \/ Yoast SEO plugin. -->","_links":{"self":[{"href":"http:\/\/www.vom-britzer-katzenstuebchen.de\/wp\/index.php?rest_route=\/wp\/v2\/posts\/175","targetHints":{"allow":["GET"]}}],"collection":[{"href":"http:\/\/www.vom-britzer-katzenstuebchen.de\/wp\/index.php?rest_route=\/wp\/v2\/posts"}],"about":[{"href":"http:\/\/www.vom-britzer-katzenstuebchen.de\/wp\/index.php?rest_route=\/wp\/v2\/types\/post"}],"author":[{"embeddable":true,"href":"http:\/\/www.vom-britzer-katzenstuebchen.de\/wp\/index.php?rest_route=\/wp\/v2\/users\/1"}],"replies":[{"embeddable":true,"href":"http:\/\/www.vom-britzer-katzenstuebchen.de\/wp\/index.php?rest_route=%2Fwp%2Fv2%2Fcomments&post=175"}],"version-history":[{"count":3,"href":"http:\/\/www.vom-britzer-katzenstuebchen.de\/wp\/index.php?rest_route=\/wp\/v2\/posts\/175\/revisions"}],"predecessor-version":[{"id":182,"href":"http:\/\/www.vom-britzer-katzenstuebchen.de\/wp\/index.php?rest_route=\/wp\/v2\/posts\/175\/revisions\/182"}],"wp:attachment":[{"href":"http:\/\/www.vom-britzer-katzenstuebchen.de\/wp\/index.php?rest_route=%2Fwp%2Fv2%2Fmedia&parent=175"}],"wp:term":[{"taxonomy":"category","embeddable":true,"href":"http:\/\/www.vom-britzer-katzenstuebchen.de\/wp\/index.php?rest_route=%2Fwp%2Fv2%2Fcategories&post=175"},{"taxonomy":"post_tag","embeddable":true,"href":"http:\/\/www.vom-britzer-katzenstuebchen.de\/wp\/index.php?rest_route=%2Fwp%2Fv2%2Ftags&post=175"}],"curies":[{"name":"wp","href":"https:\/\/api.w.org\/{rel}","templated":true}]}}