{"id":1140,"date":"2013-09-22T19:03:17","date_gmt":"2013-09-22T17:03:17","guid":{"rendered":"http:\/\/www.vom-britzer-katzenstuebchen.de\/wp\/?p=1140"},"modified":"2013-09-22T19:09:03","modified_gmt":"2013-09-22T17:09:03","slug":"ausstellung-des-1-dekzv-in-schonberg","status":"publish","type":"post","link":"http:\/\/www.vom-britzer-katzenstuebchen.de\/wp\/?p=1140","title":{"rendered":"Ausstellung des 1.DEKZV in Sch\u00f6nberg"},"content":{"rendered":"<p>Gestern waren wir mit Kiljane und Kjara zur Ausstellung in Sch\u00f6nberg. Es war f\u00fcr uns eine v\u00f6llig neue Erfahrung: so eine Vielzahl an Norwegischen Waldkatzen, noch dazu der gr\u00f6\u00dfte Teil aus D\u00e4nemark,\u00a0 haben wir bisher noch nie auf einer Ausstellung erlebt. So war es f\u00fcr uns interessant, viele Z\u00fcchter und deren Katzen, die man nur durch deren Homepage kennt, bzw. mit denen man Facebook Kontakte hat, pers\u00f6nlich kennen zu lernen.<\/p>\n<p>Unsere Youngster starteten in der Altersklasse 3- 6 Monate. Beide konnten sich gegen ihre Konkurrenz in den Gruppen 5 + 6 durchsetzen und erhielten das V1 und wurden &#8222;Best in Variety&#8220;.<\/p>\n<p>Nach all dieser Freude harren wir der Dinge, die da kommen sollen: Florentine erwartet ihre ersten Kitten. Sie wird zur Zeit noch tatkr\u00e4ftig von Yoko unterst\u00fctzt.<\/p>\n","protected":false},"excerpt":{"rendered":"<p>Gestern waren wir mit Kiljane und Kjara zur Ausstellung in Sch\u00f6nberg. Es war f\u00fcr uns eine v\u00f6llig neue Erfahrung: so eine Vielzahl an Norwegischen Waldkatzen, noch dazu der gr\u00f6\u00dfte Teil aus D\u00e4nemark,\u00a0 haben wir&#46;&#46;&#46;<\/p>\n","protected":false},"author":1,"featured_media":0,"comment_status":"closed","ping_status":"open","sticky":false,"template":"","format":"standard","meta":{"ngg_post_thumbnail":0,"footnotes":""},"categories":[1],"tags":[],"class_list":["post-1140","post","type-post","status-publish","format-standard","hentry","category-allgemein"],"yoast_head":"<!-- This site is optimized with the Yoast SEO plugin v14.1 - https:\/\/yoast.com\/wordpress\/plugins\/seo\/ -->\n<title>Ausstellung des 1.DEKZV in Sch\u00f6nberg - vom Britzer Katzenst\u00fcbchen<\/title>\n<meta name=\"robots\" content=\"index, follow\" \/>\n<meta name=\"googlebot\" content=\"index, follow, max-snippet:-1, max-image-preview:large, max-video-preview:-1\" \/>\n<meta name=\"bingbot\" content=\"index, follow, max-snippet:-1, max-image-preview:large, max-video-preview:-1\" \/>\n<link rel=\"canonical\" href=\"https:\/\/www.vom-britzer-katzenstuebchen.de\/wp\/?p=1140\" \/>\n<meta property=\"og:locale\" content=\"de_DE\" \/>\n<meta property=\"og:type\" content=\"article\" \/>\n<meta property=\"og:title\" content=\"Ausstellung des 1.DEKZV in Sch\u00f6nberg - vom Britzer Katzenst\u00fcbchen\" \/>\n<meta property=\"og:description\" content=\"Gestern waren wir mit Kiljane und Kjara zur Ausstellung in Sch\u00f6nberg. Es war f\u00fcr uns eine v\u00f6llig neue Erfahrung: so eine Vielzahl an Norwegischen Waldkatzen, noch dazu der gr\u00f6\u00dfte Teil aus D\u00e4nemark,\u00a0 haben wir&#046;&#046;&#046;\" \/>\n<meta property=\"og:url\" content=\"https:\/\/www.vom-britzer-katzenstuebchen.de\/wp\/?p=1140\" \/>\n<meta property=\"og:site_name\" content=\"vom Britzer Katzenst\u00fcbchen\" \/>\n<meta property=\"article:published_time\" content=\"2013-09-22T17:03:17+00:00\" \/>\n<meta property=\"article:modified_time\" content=\"2013-09-22T17:09:03+00:00\" \/>\n<script type=\"application\/ld+json\" class=\"yoast-schema-graph\">{\"@context\":\"https:\/\/schema.org\",\"@graph\":[{\"@type\":\"WebSite\",\"@id\":\"http:\/\/www.vom-britzer-katzenstuebchen.de\/wp\/#website\",\"url\":\"http:\/\/www.vom-britzer-katzenstuebchen.de\/wp\/\",\"name\":\"vom Britzer Katzenst\\u00fcbchen\",\"description\":\"Norwegische Waldkatzen - Hobbyzucht in Brandenburg nahe Berlin\",\"potentialAction\":[{\"@type\":\"SearchAction\",\"target\":\"http:\/\/www.vom-britzer-katzenstuebchen.de\/wp\/?s={search_term_string}\",\"query-input\":\"required name=search_term_string\"}],\"inLanguage\":\"de\"},{\"@type\":\"WebPage\",\"@id\":\"https:\/\/www.vom-britzer-katzenstuebchen.de\/wp\/?p=1140#webpage\",\"url\":\"https:\/\/www.vom-britzer-katzenstuebchen.de\/wp\/?p=1140\",\"name\":\"Ausstellung des 1.DEKZV in Sch\\u00f6nberg - vom Britzer Katzenst\\u00fcbchen\",\"isPartOf\":{\"@id\":\"http:\/\/www.vom-britzer-katzenstuebchen.de\/wp\/#website\"},\"datePublished\":\"2013-09-22T17:03:17+00:00\",\"dateModified\":\"2013-09-22T17:09:03+00:00\",\"author\":{\"@id\":\"http:\/\/www.vom-britzer-katzenstuebchen.de\/wp\/#\/schema\/person\/d6d71e831afcd5a352876f82ee551927\"},\"inLanguage\":\"de\",\"potentialAction\":[{\"@type\":\"ReadAction\",\"target\":[\"https:\/\/www.vom-britzer-katzenstuebchen.de\/wp\/?p=1140\"]}]},{\"@type\":[\"Person\"],\"@id\":\"http:\/\/www.vom-britzer-katzenstuebchen.de\/wp\/#\/schema\/person\/d6d71e831afcd5a352876f82ee551927\",\"name\":\"admin\",\"image\":{\"@type\":\"ImageObject\",\"@id\":\"http:\/\/www.vom-britzer-katzenstuebchen.de\/wp\/#personlogo\",\"inLanguage\":\"de\",\"url\":\"https:\/\/secure.gravatar.com\/avatar\/4c1575a157431ddbd5f67c78677537a22fb4ed3025158862a683373bab97e5c1?s=96&d=mm&r=g\",\"caption\":\"admin\"}}]}<\/script>\n<!-- \/ Yoast SEO plugin. -->","_links":{"self":[{"href":"http:\/\/www.vom-britzer-katzenstuebchen.de\/wp\/index.php?rest_route=\/wp\/v2\/posts\/1140","targetHints":{"allow":["GET"]}}],"collection":[{"href":"http:\/\/www.vom-britzer-katzenstuebchen.de\/wp\/index.php?rest_route=\/wp\/v2\/posts"}],"about":[{"href":"http:\/\/www.vom-britzer-katzenstuebchen.de\/wp\/index.php?rest_route=\/wp\/v2\/types\/post"}],"author":[{"embeddable":true,"href":"http:\/\/www.vom-britzer-katzenstuebchen.de\/wp\/index.php?rest_route=\/wp\/v2\/users\/1"}],"replies":[{"embeddable":true,"href":"http:\/\/www.vom-britzer-katzenstuebchen.de\/wp\/index.php?rest_route=%2Fwp%2Fv2%2Fcomments&post=1140"}],"version-history":[{"count":4,"href":"http:\/\/www.vom-britzer-katzenstuebchen.de\/wp\/index.php?rest_route=\/wp\/v2\/posts\/1140\/revisions"}],"predecessor-version":[{"id":1143,"href":"http:\/\/www.vom-britzer-katzenstuebchen.de\/wp\/index.php?rest_route=\/wp\/v2\/posts\/1140\/revisions\/1143"}],"wp:attachment":[{"href":"http:\/\/www.vom-britzer-katzenstuebchen.de\/wp\/index.php?rest_route=%2Fwp%2Fv2%2Fmedia&parent=1140"}],"wp:term":[{"taxonomy":"category","embeddable":true,"href":"http:\/\/www.vom-britzer-katzenstuebchen.de\/wp\/index.php?rest_route=%2Fwp%2Fv2%2Fcategories&post=1140"},{"taxonomy":"post_tag","embeddable":true,"href":"http:\/\/www.vom-britzer-katzenstuebchen.de\/wp\/index.php?rest_route=%2Fwp%2Fv2%2Ftags&post=1140"}],"curies":[{"name":"wp","href":"https:\/\/api.w.org\/{rel}","templated":true}]}}